{"id":9347,"date":"2024-09-30T22:47:44","date_gmt":"2024-09-30T22:47:44","guid":{"rendered":"https:\/\/www.ab-fotografie.net\/wp1\/?p=9347"},"modified":"2024-10-01T20:18:03","modified_gmt":"2024-10-01T20:18:03","slug":"weihnachts-mini-2024","status":"publish","type":"post","link":"https:\/\/www.ab-fotografie.net\/wp1\/2024\/09\/30\/weihnachts-mini-2024\/","title":{"rendered":"Weihnachts-Mini 2024"},"content":{"rendered":"<p>[vc_row][vc_column][vc_column_text]Die Weihnachtszeit r\u00fcckt n\u00e4her \u2013 der perfekte Moment, um bezaubernde Erinnerungen und kostbare Augenblicke in einzigartigen Fotos festzuhalten. Ideal als pers\u00f6nliches Geschenk f\u00fcr Eure Liebsten oder als Andenken f\u00fcr Euer Zuhause.<\/p>\n<p>&nbsp;<\/p>\n<p><strong>Was dich erwartet:<\/strong>[\/vc_column_text][\/vc_column][\/vc_row][vc_row][vc_column][vc_single_image image=&#8220;9367&#8243; img_size=&#8220;full&#8220;][\/vc_column][\/vc_row][vc_row][vc_column][vc_column_text]Egal ob mit der Familie, den Kindern oder als Paar \u2013 gemeinsam fangen wir den Zauber von Weihnachten in liebevollen Momenten ein.<\/p>\n<p><strong>Ein wunderbares Geschenk f\u00fcr Eure Liebsten!<\/strong><\/p>\n<p>Die Termine sind begrenzt \u2013 buche jetzt Deinen Platz und lass uns gemeinsam die Magie von Weihnachten in unvergesslichen Fotos festhalten!<\/p>\n<p>Ich freu mich auf Euch![\/vc_column_text][\/vc_column][\/vc_row][vc_row][vc_column][wiso_button style=&#8220;a-btn-3&#8243; button=&#8220;url:https%3A%2F%2Fbook.usesession.com%2Fs%2FlXjpueQjF|title:BUCHE%20JETZT||&#8220;][\/vc_column][\/vc_row][vc_row][vc_column][vc_empty_space][vc_empty_space][vc_single_image image=&#8220;9354&#8243; img_size=&#8220;full&#8220;][\/vc_column][\/vc_row][vc_row][vc_column][vc_column_text]Hier noch eine kleine Vorschau auf das weihnachtliche Set Nr. 2&#8230; ich und der kleine Schneemann freuen sich schon sehr auf Euch![\/vc_column_text][\/vc_column][\/vc_row][vc_row][vc_column][vc_single_image image=&#8220;9366&#8243; img_size=&#8220;full&#8220;][\/vc_column][\/vc_row]<\/p>\n","protected":false},"excerpt":{"rendered":"<p>[vc_row][vc_column][vc_column_text]Die Weihnachtszeit r\u00fcckt n\u00e4her \u2013 der perfekte Moment, um bezaubernde Erinnerungen und kostbare Augenblicke in einzigartigen Fotos festzuhalten. Ideal als pers\u00f6nliches Geschenk f\u00fcr Eure Liebsten oder als Andenken f\u00fcr Euer Zuhause. &nbsp; Was dich erwartet:[\/vc_column_text][\/vc_column][\/vc_row][vc_row][vc_column][vc_single_image image=&#8220;9367&#8243; img_size=&#8220;full&#8220;][\/vc_column][\/vc_row][vc_row][vc_column][vc_column_text]Egal ob mit der Familie, den Kindern oder als Paar \u2013 gemeinsam fangen wir den Zauber von Weihnachten in &#8230;<\/p>\n","protected":false},"author":1,"featured_media":9361,"comment_status":"open","ping_status":"open","sticky":false,"template":"","format":"standard","meta":{"footnotes":""},"categories":[73,1],"tags":[167,176,148,175],"jetpack_featured_media_url":"https:\/\/www.ab-fotografie.net\/wp1\/wp-content\/uploads\/2024\/09\/5A9A8462-Bearbeitet-scaled.jpg","featured_image_src":"https:\/\/www.ab-fotografie.net\/wp1\/wp-content\/uploads\/2024\/09\/5A9A8462-Bearbeitet-600x400.jpg","featured_image_src_square":"https:\/\/www.ab-fotografie.net\/wp1\/wp-content\/uploads\/2024\/09\/5A9A8462-Bearbeitet-600x600.jpg","author_info":{"display_name":"admin","author_link":"https:\/\/www.ab-fotografie.net\/wp1\/author\/admin\/"},"_links":{"self":[{"href":"https:\/\/www.ab-fotografie.net\/wp1\/wp-json\/wp\/v2\/posts\/9347"}],"collection":[{"href":"https:\/\/www.ab-fotografie.net\/wp1\/wp-json\/wp\/v2\/posts"}],"about":[{"href":"https:\/\/www.ab-fotografie.net\/wp1\/wp-json\/wp\/v2\/types\/post"}],"author":[{"embeddable":true,"href":"https:\/\/www.ab-fotografie.net\/wp1\/wp-json\/wp\/v2\/users\/1"}],"replies":[{"embeddable":true,"href":"https:\/\/www.ab-fotografie.net\/wp1\/wp-json\/wp\/v2\/comments?post=9347"}],"version-history":[{"count":6,"href":"https:\/\/www.ab-fotografie.net\/wp1\/wp-json\/wp\/v2\/posts\/9347\/revisions"}],"predecessor-version":[{"id":9372,"href":"https:\/\/www.ab-fotografie.net\/wp1\/wp-json\/wp\/v2\/posts\/9347\/revisions\/9372"}],"wp:featuredmedia":[{"embeddable":true,"href":"https:\/\/www.ab-fotografie.net\/wp1\/wp-json\/wp\/v2\/media\/9361"}],"wp:attachment":[{"href":"https:\/\/www.ab-fotografie.net\/wp1\/wp-json\/wp\/v2\/media?parent=9347"}],"wp:term":[{"taxonomy":"category","embeddable":true,"href":"https:\/\/www.ab-fotografie.net\/wp1\/wp-json\/wp\/v2\/categories?post=9347"},{"taxonomy":"post_tag","embeddable":true,"href":"https:\/\/www.ab-fotografie.net\/wp1\/wp-json\/wp\/v2\/tags?post=9347"}],"curies":[{"name":"wp","href":"https:\/\/api.w.org\/{rel}","templated":true}]}}