{"id":9314,"date":"2024-03-29T06:54:45","date_gmt":"2024-03-29T06:54:45","guid":{"rendered":"https:\/\/www.ab-fotografie.net\/wp1\/?p=9314"},"modified":"2024-03-29T07:59:23","modified_gmt":"2024-03-29T07:59:23","slug":"fruehlingszauber-mini-sessions-2024","status":"publish","type":"post","link":"https:\/\/www.ab-fotografie.net\/wp1\/2024\/03\/29\/fruehlingszauber-mini-sessions-2024\/","title":{"rendered":"Fr\u00fchlingszauber Mini Sessions 2024"},"content":{"rendered":"<p>[vc_row][vc_column][vc_column_text]Ach ich liebe den Fr\u00fchling &#8211; die Natur erwacht nach dem Winterschlaf wieder zu neuem Leben und \u00fcberall f\u00e4ngt es an zu Bl\u00fchen&#8230;<\/p>\n<p>Eine wunderbare Gelegenheit f\u00fcr aktuelle Familienfotos in einer unglaublich sch\u00f6nen Kulisse mit idyllischer Blumenwiese und unter bl\u00fchenden Apfelb\u00e4umen&#8230; Nat\u00fcrlich auch super f\u00fcr Babybauchfotos, f\u00fcr verliebte Paare, f\u00fcr Portraits&#8230;.[\/vc_column_text][\/vc_column][\/vc_row][vc_row][vc_column][vc_single_image image=&#8220;9339&#8243; img_size=&#8220;full&#8220;][\/vc_column][\/vc_row][vc_row][vc_column][vc_column_text]Bucht gleich online und sichert Euch Euren Platz:[\/vc_column_text][\/vc_column][\/vc_row][vc_row][vc_column][wiso_button style=&#8220;a-btn-3&#8243; button=&#8220;url:https%3A%2F%2Fbook.usesession.com%2Fs%2FHW-eDrmZY|title:BUCHEN||&#8220;][\/vc_column][\/vc_row][vc_row][vc_column][vc_column_text]&nbsp;<\/p>\n<p>Ich freue mich auf Euch und falls Ihr noch Fragen habt &#8211; schreibt mir einfach eine E-Mail an info@ab-fotografie.net.[\/vc_column_text][\/vc_column][\/vc_row]<\/p>\n","protected":false},"excerpt":{"rendered":"<p>[vc_row][vc_column][vc_column_text]Ach ich liebe den Fr\u00fchling &#8211; die Natur erwacht nach dem Winterschlaf wieder zu neuem Leben und \u00fcberall f\u00e4ngt es an zu Bl\u00fchen&#8230; Eine wunderbare Gelegenheit f\u00fcr aktuelle Familienfotos in einer unglaublich sch\u00f6nen Kulisse mit idyllischer Blumenwiese und unter bl\u00fchenden Apfelb\u00e4umen&#8230; Nat\u00fcrlich auch super f\u00fcr Babybauchfotos, f\u00fcr verliebte Paare, f\u00fcr Portraits&#8230;.[\/vc_column_text][\/vc_column][\/vc_row][vc_row][vc_column][vc_single_image image=&#8220;9339&#8243; img_size=&#8220;full&#8220;][\/vc_column][\/vc_row][vc_row][vc_column][vc_column_text]Bucht gleich online &#8230;<\/p>\n","protected":false},"author":1,"featured_media":9323,"comment_status":"open","ping_status":"open","sticky":false,"template":"","format":"standard","meta":{"footnotes":""},"categories":[70,73],"tags":[],"jetpack_featured_media_url":"https:\/\/www.ab-fotografie.net\/wp1\/wp-content\/uploads\/2024\/03\/Flyer_Fruehlings-Mini_2024-Teil-oben.jpg","featured_image_src":"https:\/\/www.ab-fotografie.net\/wp1\/wp-content\/uploads\/2024\/03\/Flyer_Fruehlings-Mini_2024-Teil-oben-600x400.jpg","featured_image_src_square":"https:\/\/www.ab-fotografie.net\/wp1\/wp-content\/uploads\/2024\/03\/Flyer_Fruehlings-Mini_2024-Teil-oben-600x600.jpg","author_info":{"display_name":"admin","author_link":"https:\/\/www.ab-fotografie.net\/wp1\/author\/admin\/"},"_links":{"self":[{"href":"https:\/\/www.ab-fotografie.net\/wp1\/wp-json\/wp\/v2\/posts\/9314"}],"collection":[{"href":"https:\/\/www.ab-fotografie.net\/wp1\/wp-json\/wp\/v2\/posts"}],"about":[{"href":"https:\/\/www.ab-fotografie.net\/wp1\/wp-json\/wp\/v2\/types\/post"}],"author":[{"embeddable":true,"href":"https:\/\/www.ab-fotografie.net\/wp1\/wp-json\/wp\/v2\/users\/1"}],"replies":[{"embeddable":true,"href":"https:\/\/www.ab-fotografie.net\/wp1\/wp-json\/wp\/v2\/comments?post=9314"}],"version-history":[{"count":16,"href":"https:\/\/www.ab-fotografie.net\/wp1\/wp-json\/wp\/v2\/posts\/9314\/revisions"}],"predecessor-version":[{"id":9343,"href":"https:\/\/www.ab-fotografie.net\/wp1\/wp-json\/wp\/v2\/posts\/9314\/revisions\/9343"}],"wp:featuredmedia":[{"embeddable":true,"href":"https:\/\/www.ab-fotografie.net\/wp1\/wp-json\/wp\/v2\/media\/9323"}],"wp:attachment":[{"href":"https:\/\/www.ab-fotografie.net\/wp1\/wp-json\/wp\/v2\/media?parent=9314"}],"wp:term":[{"taxonomy":"category","embeddable":true,"href":"https:\/\/www.ab-fotografie.net\/wp1\/wp-json\/wp\/v2\/categories?post=9314"},{"taxonomy":"post_tag","embeddable":true,"href":"https:\/\/www.ab-fotografie.net\/wp1\/wp-json\/wp\/v2\/tags?post=9314"}],"curies":[{"name":"wp","href":"https:\/\/api.w.org\/{rel}","templated":true}]}}