{"id":9249,"date":"2023-05-01T20:40:34","date_gmt":"2023-05-01T20:40:34","guid":{"rendered":"https:\/\/www.ab-fotografie.net\/wp1\/?p=9249"},"modified":"2023-05-01T20:56:13","modified_gmt":"2023-05-01T20:56:13","slug":"muttertags-special","status":"publish","type":"post","link":"https:\/\/www.ab-fotografie.net\/wp1\/2023\/05\/01\/muttertags-special\/","title":{"rendered":"Muttertags-Special 13. Mai 2023"},"content":{"rendered":"<p>[vc_row][vc_column][\/vc_column][vc_column][vc_column_text]Der Mai ist nicht nur ein toller Fr\u00fchlingsmonat, in dem alles frisch &amp; neu erstrahlt &#8211; im Mai steht auch der Muttertag vor der T\u00fcr. Und obwohl es eigentlich keinen Muttertag (oder Vatertag) br\u00e4uchte &#8211; schliesslich kann man an jedem beliebigen Tag der Mama (und\/oder dem Papa) eine kleine Freude bereiten, ein Bl\u00fcmchen mitbringen, eine Fr\u00fchst\u00fccks\u00fcberraschung zaubern etc. &#8211; hab ich mir \u00fcberlegt, zum Muttertag eine kleine Mini-Session anzubieten.<\/p>\n<p>In unserem Alltag machen wir heutzutage dank tollen Handykameras zwar auch ganz viele Fotos unserer Kleinen &amp; Grossen, aber oft ist die Mama ja dann hinter der Kamera und nicht mit auf den Erinnerungsbildern\u2026<\/p>\n<p>Darum sichert Euch schnell einen Platz f\u00fcr die Mini-Sessions. Ich freu mich auf Euch![\/vc_column_text][wiso_button style=&#8220;a-btn-3&#8243; button=&#8220;url:mailto%3Ainfo%40ab-fotografie.net|title:Buchen|target:%20_blank|&#8220;][vc_empty_space][\/vc_column][\/vc_row][vc_row][vc_column][vc_single_image image=&#8220;9251&#8243; img_size=&#8220;full&#8220;][\/vc_column][\/vc_row]<\/p>\n","protected":false},"excerpt":{"rendered":"<p>[vc_row][vc_column][\/vc_column][vc_column][vc_column_text]Der Mai ist nicht nur ein toller Fr\u00fchlingsmonat, in dem alles frisch &amp; neu erstrahlt &#8211; im Mai steht auch der Muttertag vor der T\u00fcr. Und obwohl es eigentlich keinen Muttertag (oder Vatertag) br\u00e4uchte &#8211; schliesslich kann man an jedem beliebigen Tag der Mama (und\/oder dem Papa) eine kleine Freude bereiten, ein Bl\u00fcmchen mitbringen, eine &#8230;<\/p>\n","protected":false},"author":1,"featured_media":9259,"comment_status":"open","ping_status":"open","sticky":false,"template":"","format":"standard","meta":{"footnotes":""},"categories":[70,73],"tags":[],"jetpack_featured_media_url":"https:\/\/www.ab-fotografie.net\/wp1\/wp-content\/uploads\/2023\/05\/CG2A8626-Bearbeitet-2-scaled.jpg","featured_image_src":"https:\/\/www.ab-fotografie.net\/wp1\/wp-content\/uploads\/2023\/05\/CG2A8626-Bearbeitet-2-600x400.jpg","featured_image_src_square":"https:\/\/www.ab-fotografie.net\/wp1\/wp-content\/uploads\/2023\/05\/CG2A8626-Bearbeitet-2-600x600.jpg","author_info":{"display_name":"admin","author_link":"https:\/\/www.ab-fotografie.net\/wp1\/author\/admin\/"},"_links":{"self":[{"href":"https:\/\/www.ab-fotografie.net\/wp1\/wp-json\/wp\/v2\/posts\/9249"}],"collection":[{"href":"https:\/\/www.ab-fotografie.net\/wp1\/wp-json\/wp\/v2\/posts"}],"about":[{"href":"https:\/\/www.ab-fotografie.net\/wp1\/wp-json\/wp\/v2\/types\/post"}],"author":[{"embeddable":true,"href":"https:\/\/www.ab-fotografie.net\/wp1\/wp-json\/wp\/v2\/users\/1"}],"replies":[{"embeddable":true,"href":"https:\/\/www.ab-fotografie.net\/wp1\/wp-json\/wp\/v2\/comments?post=9249"}],"version-history":[{"count":10,"href":"https:\/\/www.ab-fotografie.net\/wp1\/wp-json\/wp\/v2\/posts\/9249\/revisions"}],"predecessor-version":[{"id":9262,"href":"https:\/\/www.ab-fotografie.net\/wp1\/wp-json\/wp\/v2\/posts\/9249\/revisions\/9262"}],"wp:featuredmedia":[{"embeddable":true,"href":"https:\/\/www.ab-fotografie.net\/wp1\/wp-json\/wp\/v2\/media\/9259"}],"wp:attachment":[{"href":"https:\/\/www.ab-fotografie.net\/wp1\/wp-json\/wp\/v2\/media?parent=9249"}],"wp:term":[{"taxonomy":"category","embeddable":true,"href":"https:\/\/www.ab-fotografie.net\/wp1\/wp-json\/wp\/v2\/categories?post=9249"},{"taxonomy":"post_tag","embeddable":true,"href":"https:\/\/www.ab-fotografie.net\/wp1\/wp-json\/wp\/v2\/tags?post=9249"}],"curies":[{"name":"wp","href":"https:\/\/api.w.org\/{rel}","templated":true}]}}