{"id":10325,"date":"2026-08-25T20:19:03","date_gmt":"2026-08-25T20:19:03","guid":{"rendered":"https:\/\/www.ab-fotografie.net\/wp1\/?p=10325"},"modified":"2026-08-25T20:28:04","modified_gmt":"2026-08-25T20:28:04","slug":"weihnachts-minis-2026","status":"publish","type":"post","link":"https:\/\/www.ab-fotografie.net\/wp1\/2026\/08\/25\/weihnachts-minis-2026\/","title":{"rendered":"Weihnachts Mini&#8217;s 2026"},"content":{"rendered":"<p>[vc_row][vc_column][vc_column_text]<\/p>\n<p class=\"isSelectedEnd\"><strong>Kleine Momente. Grosse Erinnerungen.<\/strong><\/p>\n<p class=\"isSelectedEnd\">Es ist wieder soweit \u2013 meine <strong>Weihnachts Mini Sessions<\/strong> gehen in die n\u00e4chste Runde!<\/p>\n<p class=\"isSelectedEnd\">Ich liebe diese besondere Zeit im Jahr: Lichter, Tannenzweige, Weihnachtsdekoration, gem\u00fctliche Stimmung und nat\u00fcrlich die Vorfreude auf Weihnachten. Genau diese Atmosph\u00e4re m\u00f6chte ich auch in meinen Weihnachtsbildern einfangen.<\/p>\n<p class=\"isSelectedEnd\">Dieses Jahr erwarten Euch im Studio wieder <strong>drei liebevoll dekorierte \u00dcberraschungs-Weihnachtssets<\/strong>, die ganz unterschiedliche weihnachtliche Stimmungen schaffen. Ob klassisch, gem\u00fctlich oder verspielt \u2013 f\u00fcr jedes Alter und jede Familie ist etwas dabei.<\/p>\n<p class=\"isSelectedEnd\">Und weil Weihnachtsstimmung nicht nur im Studio entsteht &#8211; und ich in den letzten Jahren auch immer mal wieder gefragt wurde, ob ich das nicht auch mal wieder anbieten k\u00f6nne &#8211; gibt es in diesem Jahr zus\u00e4tzlich einen ganz besonderen Termin: <strong>eine Mini Session draussen im Tannenwald.<\/strong> Hier entstehen nat\u00fcrliche Weihnachtsbilder inmitten von Tannen, mit ganz viel Atmosph\u00e4re und dem besonderen Zauber der Vorweihnachtszeit.<\/p>\n<p>[\/vc_column_text][\/vc_column][\/vc_row][vc_row][vc_column][vc_single_image image=&#8220;10327&#8243; img_size=&#8220;full&#8220;][\/vc_column][\/vc_row][vc_row][vc_column][vc_column_text]<\/p>\n<p class=\"isSelectedEnd\"><strong>Weihnachts Minis im Studio:<\/strong><br \/>\n6. &amp; 7. November 2026<br \/>\n13. &amp; 14. November 2026<\/p>\n<p class=\"isSelectedEnd\"><strong>Zusatztermin im Tannenwald:<\/strong><br \/>\n31. Oktober 2026<\/p>\n<p>&nbsp;<\/p>\n<p class=\"isSelectedEnd\">\u2661 20 Minuten Fotosession<br \/>\n\u2661 5 professionell bearbeitete Bilder als JPG zum Download<br \/>\n\u2661 Auswahl eurer Lieblingsbilder in einer Onlinegalerie<br \/>\n\u2661 liebevoll gestaltete Weihnachtssets<br \/>\n\u2661 professionelle Bearbeitung und Retusche<\/p>\n<p>&nbsp;<\/p>\n<p class=\"isSelectedEnd\">Die Sessions eignen sich wunderbar f\u00fcr <strong>Familien, Geschwister oder einfach f\u00fcr aktuelle Kinderportr\u00e4ts<\/strong> \u2013 und nat\u00fcrlich sind die Bilder auch eine wundersch\u00f6ne Geschenkidee f\u00fcr Grosseltern und Familie.<\/p>\n<p class=\"isSelectedEnd\">Die Anzahl der Termine ist begrenzt.<\/p>\n<p class=\"isSelectedEnd\"><strong>Sichert euch jetzt Euren Wunschtermin und lasst uns gemeinsam kleine Weihnachtsmomente festhalten, die noch viele Jahre f\u00fcr Freude sorgen.<\/strong><\/p>\n<p class=\"isSelectedEnd\">Ich freue mich auf Euch!<\/p>\n<p>[\/vc_column_text][\/vc_column][\/vc_row][vc_row][vc_column][wiso_button style=&#8220;a-btn-3&#8243; button=&#8220;url:https%3A%2F%2Fbook.usesession.com%2Fs%2F4SZOao5wNk|title:Book%20now||&#8220;][\/vc_column][\/vc_row]<\/p>\n","protected":false},"excerpt":{"rendered":"<p>[vc_row][vc_column][vc_column_text] Kleine Momente. Grosse Erinnerungen. Es ist wieder soweit \u2013 meine Weihnachts Mini Sessions gehen in die n\u00e4chste Runde! Ich liebe diese besondere Zeit im Jahr: Lichter, Tannenzweige, Weihnachtsdekoration, gem\u00fctliche Stimmung und nat\u00fcrlich die Vorfreude auf Weihnachten. Genau diese Atmosph\u00e4re m\u00f6chte ich auch in meinen Weihnachtsbildern einfangen. Dieses Jahr erwarten Euch im Studio wieder drei &#8230;<\/p>\n","protected":false},"author":1,"featured_media":10327,"comment_status":"open","ping_status":"open","sticky":false,"template":"","format":"standard","meta":{"footnotes":""},"categories":[73],"tags":[],"jetpack_featured_media_url":"https:\/\/www.ab-fotografie.net\/wp1\/wp-content\/uploads\/2026\/08\/WeihnachstMinis-2026-scaled.jpg","featured_image_src":"https:\/\/www.ab-fotografie.net\/wp1\/wp-content\/uploads\/2026\/08\/WeihnachstMinis-2026-600x400.jpg","featured_image_src_square":"https:\/\/www.ab-fotografie.net\/wp1\/wp-content\/uploads\/2026\/08\/WeihnachstMinis-2026-600x600.jpg","author_info":{"display_name":"admin","author_link":"https:\/\/www.ab-fotografie.net\/wp1\/author\/admin\/"},"_links":{"self":[{"href":"https:\/\/www.ab-fotografie.net\/wp1\/wp-json\/wp\/v2\/posts\/10325"}],"collection":[{"href":"https:\/\/www.ab-fotografie.net\/wp1\/wp-json\/wp\/v2\/posts"}],"about":[{"href":"https:\/\/www.ab-fotografie.net\/wp1\/wp-json\/wp\/v2\/types\/post"}],"author":[{"embeddable":true,"href":"https:\/\/www.ab-fotografie.net\/wp1\/wp-json\/wp\/v2\/users\/1"}],"replies":[{"embeddable":true,"href":"https:\/\/www.ab-fotografie.net\/wp1\/wp-json\/wp\/v2\/comments?post=10325"}],"version-history":[{"count":4,"href":"https:\/\/www.ab-fotografie.net\/wp1\/wp-json\/wp\/v2\/posts\/10325\/revisions"}],"predecessor-version":[{"id":10330,"href":"https:\/\/www.ab-fotografie.net\/wp1\/wp-json\/wp\/v2\/posts\/10325\/revisions\/10330"}],"wp:featuredmedia":[{"embeddable":true,"href":"https:\/\/www.ab-fotografie.net\/wp1\/wp-json\/wp\/v2\/media\/10327"}],"wp:attachment":[{"href":"https:\/\/www.ab-fotografie.net\/wp1\/wp-json\/wp\/v2\/media?parent=10325"}],"wp:term":[{"taxonomy":"category","embeddable":true,"href":"https:\/\/www.ab-fotografie.net\/wp1\/wp-json\/wp\/v2\/categories?post=10325"},{"taxonomy":"post_tag","embeddable":true,"href":"https:\/\/www.ab-fotografie.net\/wp1\/wp-json\/wp\/v2\/tags?post=10325"}],"curies":[{"name":"wp","href":"https:\/\/api.w.org\/{rel}","templated":true}]}}