{"id":10315,"date":"2026-08-25T16:21:34","date_gmt":"2026-08-25T16:21:34","guid":{"rendered":"https:\/\/www.ab-fotografie.net\/wp1\/?p=10315"},"modified":"2026-08-25T16:30:03","modified_gmt":"2026-08-25T16:30:03","slug":"hallo-lehrstelle-die-bewerbungsbilder-mini-session","status":"publish","type":"post","link":"https:\/\/www.ab-fotografie.net\/wp1\/2026\/08\/25\/hallo-lehrstelle-die-bewerbungsbilder-mini-session\/","title":{"rendered":"Hallo Lehrstelle! Deine Bewerbungsbilder Mini Session"},"content":{"rendered":"<p>[vc_row][vc_column][vc_column_text]<\/p>\n<p class=\"\" data-start=\"966\" data-end=\"1224\">Die Lehrstellensuche steht an? Dann geh\u00f6rt ein professionelles Bewerbungsbild unbedingt dazu! Dein Foto ist oft der erste pers\u00f6nliche Eindruck, den ein zuk\u00fcnftiger Lehrbetrieb von Dir bekommt \u2013 deshalb soll es nat\u00fcrlich, sympathisch und professionell wirken.<\/p>\n<p data-start=\"1226\" data-end=\"1394\">An meinen speziellen <strong data-start=\"1247\" data-end=\"1279\">\u201eHallo Lehrstelle!\u201c-Terminen<\/strong> fotografiere ich Dich in einer entspannten Atmosph\u00e4re und helfe Dir dabei, Dich von Deiner besten Seite zu zeigen.<\/p>\n<p>[\/vc_column_text][vc_column_text]<\/p>\n<p data-start=\"1396\" data-end=\"1613\">Du hast die Wahl zwischen <strong data-start=\"1422\" data-end=\"1457\">weissem oder grauem Hintergrund<\/strong> oder einem etwas l\u00e4ssigeren Bild <strong data-start=\"1491\" data-end=\"1507\">an der S\u00e4ule<\/strong>. Die Fotosession dauert nur ca. <strong data-start=\"1540\" data-end=\"1554\">15 Minuten<\/strong> und Dein Lieblingsbild kannst Du direkt vor Ort ausw\u00e4hlen.<\/p>\n<p class=\"\" data-start=\"1615\" data-end=\"1644\"><strong data-start=\"1615\" data-end=\"1644\">F\u00fcr CHF 45.\u2013 erh\u00e4ltst Du:<\/strong><\/p>\n<ul data-start=\"1645\" data-end=\"1765\">\n<li data-section-id=\"1vcnxqo\" data-start=\"1645\" data-end=\"1663\">1 Bewerbungsbild<\/li>\n<li data-section-id=\"1km6fqi\" data-start=\"1664\" data-end=\"1704\">professionell bearbeitet &amp; retouchiert<\/li>\n<li data-section-id=\"ed8965\" data-start=\"1705\" data-end=\"1733\">als JPG-Datei zum Download<\/li>\n<li data-section-id=\"17n60tb\" data-start=\"1734\" data-end=\"1765\">in Farbe <strong data-start=\"1745\" data-end=\"1752\">und<\/strong> Schwarzweiss<\/li>\n<\/ul>\n<p data-start=\"1767\" data-end=\"1861\"><strong data-start=\"1770\" data-end=\"1782\">Termine:<\/strong> 23. September, 14. Oktober &amp; 28. Oktober 2026<br data-start=\"1828\" data-end=\"1831\" \/>jeweils <strong data-start=\"1839\" data-end=\"1861\">Mittwochnachmittag<\/strong><\/p>\n<p data-start=\"1863\" data-end=\"1967\" data-is-last-node=\"\" data-is-only-node=\"\"><strong data-start=\"1863\" data-end=\"1967\" data-is-last-node=\"\">Sichere Dir jetzt Deinen Termin und starte mit einem professionellen Bild in Deine Lehrstellensuche!<\/strong><\/p>\n<p>[\/vc_column_text][\/vc_column][\/vc_row][vc_row][vc_column][vc_single_image image=&#8220;10317&#8243; img_size=&#8220;full&#8220;][\/vc_column][\/vc_row][vc_row][vc_column][wiso_button style=&#8220;a-btn-3&#8243; button=&#8220;url:https%3A%2F%2Fbook.usesession.com%2Fs%2Fa17w9ScOO1|title:Book%20Now||&#8220;][\/vc_column][\/vc_row]<\/p>\n","protected":false},"excerpt":{"rendered":"<p>[vc_row][vc_column][vc_column_text] Die Lehrstellensuche steht an? Dann geh\u00f6rt ein professionelles Bewerbungsbild unbedingt dazu! Dein Foto ist oft der erste pers\u00f6nliche Eindruck, den ein zuk\u00fcnftiger Lehrbetrieb von Dir bekommt \u2013 deshalb soll es nat\u00fcrlich, sympathisch und professionell wirken. An meinen speziellen \u201eHallo Lehrstelle!\u201c-Terminen fotografiere ich Dich in einer entspannten Atmosph\u00e4re und helfe Dir dabei, Dich von Deiner &#8230;<\/p>\n","protected":false},"author":1,"featured_media":10321,"comment_status":"open","ping_status":"open","sticky":false,"template":"","format":"standard","meta":{"footnotes":""},"categories":[1],"tags":[],"jetpack_featured_media_url":"https:\/\/www.ab-fotografie.net\/wp1\/wp-content\/uploads\/2026\/08\/Flyer-Hallo-Lehrstelle-Beitragsbild-scaled.jpg","featured_image_src":"https:\/\/www.ab-fotografie.net\/wp1\/wp-content\/uploads\/2026\/08\/Flyer-Hallo-Lehrstelle-Beitragsbild-600x400.jpg","featured_image_src_square":"https:\/\/www.ab-fotografie.net\/wp1\/wp-content\/uploads\/2026\/08\/Flyer-Hallo-Lehrstelle-Beitragsbild-600x600.jpg","author_info":{"display_name":"admin","author_link":"https:\/\/www.ab-fotografie.net\/wp1\/author\/admin\/"},"_links":{"self":[{"href":"https:\/\/www.ab-fotografie.net\/wp1\/wp-json\/wp\/v2\/posts\/10315"}],"collection":[{"href":"https:\/\/www.ab-fotografie.net\/wp1\/wp-json\/wp\/v2\/posts"}],"about":[{"href":"https:\/\/www.ab-fotografie.net\/wp1\/wp-json\/wp\/v2\/types\/post"}],"author":[{"embeddable":true,"href":"https:\/\/www.ab-fotografie.net\/wp1\/wp-json\/wp\/v2\/users\/1"}],"replies":[{"embeddable":true,"href":"https:\/\/www.ab-fotografie.net\/wp1\/wp-json\/wp\/v2\/comments?post=10315"}],"version-history":[{"count":6,"href":"https:\/\/www.ab-fotografie.net\/wp1\/wp-json\/wp\/v2\/posts\/10315\/revisions"}],"predecessor-version":[{"id":10324,"href":"https:\/\/www.ab-fotografie.net\/wp1\/wp-json\/wp\/v2\/posts\/10315\/revisions\/10324"}],"wp:featuredmedia":[{"embeddable":true,"href":"https:\/\/www.ab-fotografie.net\/wp1\/wp-json\/wp\/v2\/media\/10321"}],"wp:attachment":[{"href":"https:\/\/www.ab-fotografie.net\/wp1\/wp-json\/wp\/v2\/media?parent=10315"}],"wp:term":[{"taxonomy":"category","embeddable":true,"href":"https:\/\/www.ab-fotografie.net\/wp1\/wp-json\/wp\/v2\/categories?post=10315"},{"taxonomy":"post_tag","embeddable":true,"href":"https:\/\/www.ab-fotografie.net\/wp1\/wp-json\/wp\/v2\/tags?post=10315"}],"curies":[{"name":"wp","href":"https:\/\/api.w.org\/{rel}","templated":true}]}}