{"id":10087,"date":"2025-09-24T20:23:34","date_gmt":"2025-09-24T20:23:34","guid":{"rendered":"https:\/\/www.ab-fotografie.net\/wp1\/?p=10087"},"modified":"2025-09-24T20:38:08","modified_gmt":"2025-09-24T20:38:08","slug":"weihnachts-minis-2025","status":"publish","type":"post","link":"https:\/\/www.ab-fotografie.net\/wp1\/2025\/09\/24\/weihnachts-minis-2025\/","title":{"rendered":"Weihnachts-Mini&#8217;s 2025"},"content":{"rendered":"<p>[vc_row][vc_column][\/vc_column][\/vc_row][vc_row][vc_column][vc_column_text]<\/p>\n<h4>Der Duft von frisch gebackenen Guetzli, funkelnde Weihnachtslichter und ganz viel Vorfreude \u2013 meine diesj\u00e4hrigen <strong>Christmas Mini Sessions<\/strong> bringen die Magie der Adventszeit direkt ins Studio!<\/h4>\n<p>[\/vc_column_text][vc_column_text]In diesem Jahr wartet eine liebevoll gestaltete <strong>weihnachtliche Backstube<\/strong> auf Euch: hier d\u00fcrfen die kleinen B\u00e4ckerinnen und B\u00e4cker Teig r\u00fchren, Weihnachtsguetzli ausstechen und zusammen mit s\u00fcssen Lebkuchenm\u00e4nnchen festliche Momente erleben. Dazu warten zwei weitere stimmungsvolle Weihnachts-Sets auf Euch, die f\u00fcr noch mehr Abwechslung sorgen.[\/vc_column_text][wiso_button style=&#8220;a-btn-3&#8243; button=&#8220;url:https%3A%2F%2Fbook.usesession.com%2Fs%2FoLHFcC29q4|title:BOOK%20NOW||&#8220;][vc_empty_space][\/vc_column][\/vc_row][vc_row][vc_column][vc_single_image image=&#8220;10099&#8243; img_size=&#8220;full&#8220;][\/vc_column][\/vc_row]<\/p>\n","protected":false},"excerpt":{"rendered":"<p>[vc_row][vc_column][\/vc_column][\/vc_row][vc_row][vc_column][vc_column_text] Der Duft von frisch gebackenen Guetzli, funkelnde Weihnachtslichter und ganz viel Vorfreude \u2013 meine diesj\u00e4hrigen Christmas Mini Sessions bringen die Magie der Adventszeit direkt ins Studio! [\/vc_column_text][vc_column_text]In diesem Jahr wartet eine liebevoll gestaltete weihnachtliche Backstube auf Euch: hier d\u00fcrfen die kleinen B\u00e4ckerinnen und B\u00e4cker Teig r\u00fchren, Weihnachtsguetzli ausstechen und zusammen mit s\u00fcssen Lebkuchenm\u00e4nnchen festliche &#8230;<\/p>\n","protected":false},"author":1,"featured_media":10092,"comment_status":"open","ping_status":"open","sticky":false,"template":"","format":"standard","meta":{"footnotes":""},"categories":[70,73],"tags":[],"jetpack_featured_media_url":"https:\/\/www.ab-fotografie.net\/wp1\/wp-content\/uploads\/2025\/09\/5A9A3465-Bearbeitet-scaled.jpg","featured_image_src":"https:\/\/www.ab-fotografie.net\/wp1\/wp-content\/uploads\/2025\/09\/5A9A3465-Bearbeitet-600x400.jpg","featured_image_src_square":"https:\/\/www.ab-fotografie.net\/wp1\/wp-content\/uploads\/2025\/09\/5A9A3465-Bearbeitet-600x600.jpg","author_info":{"display_name":"admin","author_link":"https:\/\/www.ab-fotografie.net\/wp1\/author\/admin\/"},"_links":{"self":[{"href":"https:\/\/www.ab-fotografie.net\/wp1\/wp-json\/wp\/v2\/posts\/10087"}],"collection":[{"href":"https:\/\/www.ab-fotografie.net\/wp1\/wp-json\/wp\/v2\/posts"}],"about":[{"href":"https:\/\/www.ab-fotografie.net\/wp1\/wp-json\/wp\/v2\/types\/post"}],"author":[{"embeddable":true,"href":"https:\/\/www.ab-fotografie.net\/wp1\/wp-json\/wp\/v2\/users\/1"}],"replies":[{"embeddable":true,"href":"https:\/\/www.ab-fotografie.net\/wp1\/wp-json\/wp\/v2\/comments?post=10087"}],"version-history":[{"count":7,"href":"https:\/\/www.ab-fotografie.net\/wp1\/wp-json\/wp\/v2\/posts\/10087\/revisions"}],"predecessor-version":[{"id":10106,"href":"https:\/\/www.ab-fotografie.net\/wp1\/wp-json\/wp\/v2\/posts\/10087\/revisions\/10106"}],"wp:featuredmedia":[{"embeddable":true,"href":"https:\/\/www.ab-fotografie.net\/wp1\/wp-json\/wp\/v2\/media\/10092"}],"wp:attachment":[{"href":"https:\/\/www.ab-fotografie.net\/wp1\/wp-json\/wp\/v2\/media?parent=10087"}],"wp:term":[{"taxonomy":"category","embeddable":true,"href":"https:\/\/www.ab-fotografie.net\/wp1\/wp-json\/wp\/v2\/categories?post=10087"},{"taxonomy":"post_tag","embeddable":true,"href":"https:\/\/www.ab-fotografie.net\/wp1\/wp-json\/wp\/v2\/tags?post=10087"}],"curies":[{"name":"wp","href":"https:\/\/api.w.org\/{rel}","templated":true}]}}